{"id":1821,"date":"2026-03-07T20:20:54","date_gmt":"2026-03-07T19:20:54","guid":{"rendered":"https:\/\/www.jadwiga.opw.pl\/?p=1821"},"modified":"2026-03-07T20:22:09","modified_gmt":"2026-03-07T19:22:09","slug":"iii-niedziela-wielkiego-postu-08-03-15-03-2026-r","status":"publish","type":"post","link":"https:\/\/www.jadwiga.opw.pl\/?p=1821","title":{"rendered":"III NIEDZIELA WIELKIEGO POSTU (08.03. &#8211; 15.03.2026 r.)"},"content":{"rendered":"\n<p><strong>1.<\/strong> W tym tygodniu:<\/p>\n\n\n\n<p>A\/ <strong>dzisiaj<\/strong> \u2013 wed\u0142ug zapowiedzi sprzed tygodnia po mszach \u015bwi\u0119tych ofiarami z\u0142o\u017conymi do puszek b\u0119dziemy mogli materialnie wesprze\u0107 Dzie\u0142o Misyjne w ramach solidarno\u015bci z misjonarzami; tak\u017ce dzisiaj i w ka\u017cd\u0105 niedziel\u0119 Wielkiego Postu <strong>Gorzkie \u017bale<\/strong> <strong>z kazaniem pasyjnym o 17.30<\/strong>, nast\u0119pnie msza \u015bw. wieczorna bez kazania. Za udzia\u0142 w nabo\u017ce\u0144stwach wielkopostnych mo\u017cna uzyska\u0107 <strong>odpust zupe\u0142ny<\/strong>;&nbsp;<\/p>\n\n\n\n<p>B\/ <strong>jutro &#8211; 9 marca o godz. 16.45 <\/strong>gromadzimy si\u0119 w ko\u015bciele, by nast\u0119pnie wyruszy\u0107 na miejsce przywitania wizerunku Matki Bo\u017cej Cz\u0119stochowskiej przy rondzie naprzeciw ul. Le\u015bnej. W modlitewnym skupieniu b\u0119dziemy oczekiwa\u0107 na przybycie do nas ukochanej Matki i procesyjnie przejdziemy z kopi\u0105 Jasnog\u00f3rskiego Obrazu do ko\u015bcio\u0142a. Zabieramy ze sob\u0105 \u015bwiece, flagietki, chor\u0105giewki i emblematy maryjne. Zapraszam wszystkich, kt\u00f3rzy pragn\u0105 prze\u017cy\u0107 razem z nami spotkanie z Maryj\u0105 pielgrzymuj\u0105c\u0105. <strong>O godz. 18.00 msza \u015bwi\u0119ta celebrowana przez naszego biskupa Artura, ordynariusza diecezji wraz z kap\u0142anami, kt\u00f3rzy przyj\u0119li zaproszenie na t\u0119 uroczysto\u015b\u0107.<\/strong>&nbsp;<\/p>\n\n\n\n<p>Przy obrazie b\u0119dzie wystawiona st\u0105giew, do kt\u00f3rej mo\u017cna wk\u0142ada\u0107 wypisane wcze\u015bniej \u015bwiadectwa, pro\u015bby i podzi\u0119kowania Matce Bo\u017cej.<\/p>\n\n\n\n<p>Porz\u0105dek wieczoru powitania w poniedzia\u0142ek i dnia czuwania (tj. <strong>wtorek \u2013 10 marca<\/strong>) wed\u0142ug podanego programu. We wtorek zapraszam osoby starsze i prosz\u0119, aby umo\u017cliwi\u0107 chorym udzia\u0142 we mszy \u015bwi\u0119tej o godz. 10.00, na kt\u00f3rej b\u0119dzie udzielony sakrament namaszczenia.&nbsp;<\/p>\n\n\n\n<p>C\/ <strong>w czwartek <\/strong>\u2013 \u015bpiew Godzinek o 17.30 i Koronka do Mi\u0142osierdzia Bo\u017cego przed msz\u0105 \u015bwi\u0119t\u0105;<\/p>\n\n\n\n<p>D\/ <strong>w pi\u0105tek &#8211; <\/strong>o 16.30 droga krzy\u017cowa dla dzieci i m\u0142odzie\u017cy (w tym bierzmowanej), o godz. 17.15 dla wszystkich<em>.<\/em><\/p>\n\n\n\n<p>E\/ <strong>w przysz\u0142\u0105 niedziel\u0119<\/strong> &#8211; IV Niedziela Wielkiego Postu, zwana niedziel\u0105 rado\u015bci.&nbsp;<\/p>\n\n\n\n<p><strong>2.<\/strong> Ja\u0142mu\u017cn\u0119 wielkopostn\u0105 mo\u017cna sk\u0142ada\u0107 do puszki \u201eCaritas\u201d wystawionej na bocznym o\u0142tarzu, natomiast dar na kwiaty do Grobu Pa\u0144skiego w koszyczku przy krzy\u017cu.<\/p>\n\n\n\n<p><strong>3. <\/strong>Kancelaria parafialna czynna w ustalone dni. <strong><em>W pilnych potrzebach prosz\u0119 dzwoni\u0107 na numer parafialny.<\/em><\/strong><\/p>\n\n\n\n<p><strong>4. <\/strong>Przekazuj\u0119 s\u0142owa wdzi\u0119czno\u015bci<strong> <\/strong>Panu z bloku 36 z klatki III i tym, kt\u00f3rzy stale pomagaj\u0105 w pi\u0105tkowym sprz\u0105taniu.<strong> <\/strong>Trzymaj\u0105c si\u0119 tzw. kolejki prosz\u0119 o zainteresowanie si\u0119 porz\u0105dkiem naszej \u015bwi\u0105tyni Pa\u0144stwa z bloku 36 z klatki IV w najbli\u017cszy pi\u0105tek po mszy wieczornej.<\/p>\n\n\n\n<p><strong>5. <\/strong>Chc\u0119 podzi\u0119kowa\u0107 wszystkim, kt\u00f3rzy skorzystali z czasu \u0107wicze\u0144 wielkopostnych i przyst\u0105pili do spowiedzi \u015bwi\u0119tej jak r\u00f3wnie\u017c z\u0142o\u017cyli ofiary podczas mszy \u015bwi\u0119tych na poczet rekolekcji. B\u00f3g zap\u0142a\u0107! Tak\u017ce dzieciom i m\u0142odzie\u017cy, dla kt\u00f3rych nauki rekolekcyjne sta\u0142y si\u0119 okazj\u0105 do modlitwy w naszym ko\u015bciele. Dyrekcji szko\u0142y, Nauczycielom, Pani katechetce, ks. Stanis\u0142awowi, Panu ko\u015bcielnemu i Panu organi\u015bcie za pomoc organizacyjn\u0105 r\u00f3wnie\u017c dzi\u0119kuj\u0119. Dzi\u0119kuj\u0119 Paniom, kt\u00f3re przez trzy dni dba\u0142y o stron\u0119 kulinarn\u0105 i pomog\u0142y w moim imieniu przyj\u0105\u0107 przy stole na plebanii rekolekcjonist\u0119 i zesp\u00f3\u0142 duszpasterski w tym kap\u0142an\u00f3w spowiednik\u00f3w za ogrom wykonanej pracy i pe\u0142n\u0105 dyspozycyjno\u015b\u0107. Jestem wdzi\u0119czny tym osobom, kt\u00f3re<strong> <\/strong>zaj\u0119\u0142y si\u0119 uporz\u0105dkowaniem placu ko\u015bcielnego przed wydarzeniami najbli\u017cszych dni. Dzi\u0119kuj\u0119 cz\u0142onkom Akcji Katolickiej za u\u0142atwienie sprzeda\u017cy materia\u0142\u00f3w dekoracyjnych na okoliczno\u015b\u0107 peregrynacji.<\/p>\n\n\n\n<p><strong>6.<\/strong> Cotygodniowa zbi\u00f3rka ministrant\u00f3w i lektor\u00f3w w sobot\u0119 o 9.00.&nbsp;<\/p>\n\n\n\n<p><strong>7.<\/strong> Informacja dla Rodzic\u00f3w dzieci, kt\u00f3re przygotowuj\u0105 si\u0119 do I komunii \u015bwi\u0119tej: r\u00f3wnie\u017c w sobot\u0119 tj. 14.03. o godz. 12.00 w salce na plebanii przymiarka stroj\u00f3w komunijnych.&nbsp;<\/p>\n\n\n\n<p><strong>8. <\/strong>Zach\u0119cam do czytelnictwa prasy katolickiej: <em>Go\u015bcia Niedzielnego <\/em>i<em> Niedzieli.<\/em><\/p>\n\n\n\n<p><strong>9. <\/strong>W sytuacjach potrzeby dost\u0119pna jest toaleta.<strong> <\/strong>Mo\u017cliwo\u015b\u0107 przez informacj\u0119 w zakrystii.<\/p>\n\n\n\n<p><strong>10.<\/strong> W bie\u017c\u0105cym roku b\u0119dziemy prze\u017cywa\u0107 370 rocznic\u0119 \u015blub\u00f3w Jana Kazimierza i 70 rocznic\u0119 Jasnog\u00f3rskich \u015alub\u00f3w Narodu. Akcja Katolicka w ramach godziny czuwania przed Ikon\u0105 Matki Bo\u017cej rozwa\u017ca\u0107 b\u0119dzie tre\u015b\u0107 tego dokumentu.&nbsp;<\/p>\n\n\n\n<p><strong>11.<\/strong> Zach\u0119camy do odwiedzania profilu w mediach spo\u0142eczno\u015bciowych, a konkretnie na Facebooku. Wpisujemy nazw\u0119: <strong><em>Parafia \u015bw. Jadwigi Kr\u00f3lowej w D\u0105browie G\u00f3rniczej.<\/em><\/strong>&nbsp;&nbsp;<\/p>\n\n\n\n<p><strong>12. <\/strong>Drogie Panie, w dniu, w kt\u00f3rym dzi\u0119kujemy Bogu za dar kobiecego serca, pragn\u0119 z\u0142o\u017cy\u0107 Wam najserdeczniejsze \u017cyczenia.&nbsp;<\/p>\n\n\n\n<p><em><\/em><em>Dzi\u0119kujemy Wam za dobro, kt\u00f3re wnosicie w nasze rodziny w tym i parafi\u0119.&nbsp;<\/em><\/p>\n\n\n\n<p><em>Niech B\u00f3g wynagradza Wam to, czego cz\u0119sto nie wida\u0107, a co ma najwi\u0119ksz\u0105 warto\u015b\u0107.<\/em><\/p>\n\n\n\n<p><em><\/em><em>Niech Pan Jezus obdarza Was pokojem serca, a Maryja \u2013 czu\u0142\u0105 opiek\u0105.&nbsp;<\/em><\/p>\n\n\n\n<p><em>Niech ka\u017cdy dzie\u0144 przynosi Wam poczucie, \u017ce jeste\u015bcie potrzebne, kochane i szanowane.<\/em><\/p>\n\n\n\n<p><strong>13. <\/strong>Jubilatom i Solenizantom tego tygodnia \u017cycz\u0119 daru zdrowia i obfito\u015bci Bo\u017cej \u0142aski. B\u0105d\u017amy rodzin\u0105 parafialn\u0105 przy Maryi w czas jej nawiedzenia. B\u0105d\u017amy aposto\u0142ami i przyprowad\u017amy na modlitw\u0119 przy widocznym znaku Jej obecno\u015bci ka\u017cdego kogo mo\u017cemy zaprosi\u0107. <strong>Szcz\u0119\u015b\u0107 Bo\u017ce!<\/strong><\/p>\n","protected":false},"excerpt":{"rendered":"<p>1. W tym tygodniu: A\/ dzisiaj \u2013 wed\u0142ug zapowiedzi sprzed tygodnia po mszach \u015bwi\u0119tych ofiarami z\u0142o\u017conymi do puszek b\u0119dziemy mogli materialnie wesprze\u0107 Dzie\u0142o Misyjne w ramach solidarno\u015bci z misjonarzami; tak\u017ce dzisiaj i w ka\u017cd\u0105 niedziel\u0119 Wielkiego Postu Gorzkie \u017bale z kazaniem pasyjnym o 17.30, nast\u0119pnie msza \u015bw. wieczorna bez kazania. Za udzia\u0142 w nabo\u017ce\u0144stwach wielkopostnych &hellip; <\/p>\n<p class=\"link-more\"><a href=\"https:\/\/www.jadwiga.opw.pl\/?p=1821\" class=\"more-link\">Czytaj dalej<span class=\"screen-reader-text\"> \u201eIII NIEDZIELA WIELKIEGO POSTU (08.03. &#8211; 15.03.2026 r.)\u201d<\/span><\/a><\/p>\n","protected":false},"author":1,"featured_media":0,"comment_status":"closed","ping_status":"closed","sticky":false,"template":"","format":"standard","meta":{"footnotes":""},"categories":[1],"tags":[],"class_list":["post-1821","post","type-post","status-publish","format-standard","hentry","category-bez-kategorii"],"_links":{"self":[{"href":"https:\/\/www.jadwiga.opw.pl\/index.php?rest_route=\/wp\/v2\/posts\/1821","targetHints":{"allow":["GET"]}}],"collection":[{"href":"https:\/\/www.jadwiga.opw.pl\/index.php?rest_route=\/wp\/v2\/posts"}],"about":[{"href":"https:\/\/www.jadwiga.opw.pl\/index.php?rest_route=\/wp\/v2\/types\/post"}],"author":[{"embeddable":true,"href":"https:\/\/www.jadwiga.opw.pl\/index.php?rest_route=\/wp\/v2\/users\/1"}],"replies":[{"embeddable":true,"href":"https:\/\/www.jadwiga.opw.pl\/index.php?rest_route=%2Fwp%2Fv2%2Fcomments&post=1821"}],"version-history":[{"count":3,"href":"https:\/\/www.jadwiga.opw.pl\/index.php?rest_route=\/wp\/v2\/posts\/1821\/revisions"}],"predecessor-version":[{"id":1825,"href":"https:\/\/www.jadwiga.opw.pl\/index.php?rest_route=\/wp\/v2\/posts\/1821\/revisions\/1825"}],"wp:attachment":[{"href":"https:\/\/www.jadwiga.opw.pl\/index.php?rest_route=%2Fwp%2Fv2%2Fmedia&parent=1821"}],"wp:term":[{"taxonomy":"category","embeddable":true,"href":"https:\/\/www.jadwiga.opw.pl\/index.php?rest_route=%2Fwp%2Fv2%2Fcategories&post=1821"},{"taxonomy":"post_tag","embeddable":true,"href":"https:\/\/www.jadwiga.opw.pl\/index.php?rest_route=%2Fwp%2Fv2%2Ftags&post=1821"}],"curies":[{"name":"wp","href":"https:\/\/api.w.org\/{rel}","templated":true}]}}