{"id":1829,"date":"2026-03-15T14:19:36","date_gmt":"2026-03-15T13:19:36","guid":{"rendered":"https:\/\/www.jadwiga.opw.pl\/?p=1829"},"modified":"2026-03-15T14:19:36","modified_gmt":"2026-03-15T13:19:36","slug":"iv-niedziela-wielkiego-postu-laetare-15-03-22-03-2026-r","status":"publish","type":"post","link":"https:\/\/www.jadwiga.opw.pl\/?p=1829","title":{"rendered":"IV NIEDZIELA WIELKIEGO POSTU (LAETARE) 15.03. &#8211; 22.03.2026 r."},"content":{"rendered":"\n<p><strong>1.<\/strong> W tym tygodniu:<\/p>\n\n\n\n<p>A\/ <strong>dzisiaj<\/strong> &#8211; Niedziela \u201eLaetare\u201d (\u201eRadujcie si\u0119\u201d) &#8211; Ko\u015bci\u00f3\u0142 cieszy si\u0119 z obfito\u015bci d\u00f3br nadprzyrodzonych i \u0142ask p\u0142yn\u0105cych z Chrztu i Eucharystii. Tak\u017ce dzisiaj i w ka\u017cd\u0105 niedziel\u0119 Wielkiego Postu <strong>Gorzkie \u017bale<\/strong> <strong>z kazaniem pasyjnym o 17.30<\/strong>, nast\u0119pnie msza \u015bw. wieczorna bez kazania. Za udzia\u0142 w nabo\u017ce\u0144stwach wielkopostnych mo\u017cna uzyska\u0107 <strong>odpust zupe\u0142ny<\/strong>;<\/p>\n\n\n\n<p>B\/ <strong>w czwartek <\/strong>\u2013 uroczysto\u015b\u0107 \u015bw. J\u00f3zefa, Oblubie\u0144ca NMP i Patrona Ko\u015bcio\u0142a \u015awi\u0119tego; \u015bpiew Godzinek o 17.30 i Koronka do Mi\u0142osierdzia Bo\u017cego przed msz\u0105 \u015bwi\u0119t\u0105;;<\/p>\n\n\n\n<p>C\/ <strong>w pi\u0105tek \u2013 <\/strong><strong><em>o 17.40 nabo\u017ce\u0144stwo do \u015bw. Ojca Pio z zanoszonymi pro\u015bbami i uca\u0142owanie relikwii;<\/em><\/strong><strong><em> <\/em><\/strong>w ten pi\u0105tek nie b\u0119dzie nabo\u017ce\u0144stwa drogi krzy\u017cowej w naszym ko\u015bciele. Bierzemy udzia\u0142 w drodze krzy\u017cowej ulicami naszego miasta. Pocz\u0105tek o godz. 18.00 w ko\u015bciele na Morcinku.<\/p>\n\n\n\n<p>D\/ <strong>w przysz\u0142\u0105 niedziel\u0119<\/strong> \u2013 ju\u017c V Niedziela Wielkiego Postu;<\/p>\n\n\n\n<p><strong>2.<\/strong> B\u00f3g zap\u0142a\u0107 za z\u0142o\u017cone w ubieg\u0142\u0105 niedziel\u0119 ofiary do puszki na Dzie\u0142o Misyjne.<\/p>\n\n\n\n<p><strong>3.<\/strong><strong> Za tydzie\u0144 w pi\u0105tek tj. 27.03. comiesi\u0119czna msza \u015bw. zbiorowa za zmar\u0142ych o godz. 18.00. <\/strong><strong><em>Mo\u017cna zamawia\u0107 intencje modlitwy na ten termin i na kolejne miesi\u0105ce.<\/em><\/strong><\/p>\n\n\n\n<p><strong>4.<\/strong> Bogu niech b\u0119d\u0105 dzi\u0119ki za b\u0142ogos\u0142awiony czas nawiedzenia naszej parafii przez Matk\u0119 Bo\u017c\u0105 w Jej Jasnog\u00f3rskim wizerunku. Dzi\u0119kuj\u0119 Ksi\u0119dzu Biskupowi Arturowi za eucharysti\u0119 wprowadzenia Obrazu, Ksi\u0119dzu Pra\u0142atowi Bronis\u0142awowi, Ksi\u0119\u017com koncelebruj\u0105cym eucharysti\u0119, Kap\u0142anom Rodakom, Wam Szanowni Parafianie za tak liczny i duchowy udzia\u0142 oraz Go\u015bciom, kt\u00f3rzy przybyli do naszej \u015bwi\u0105tyni.<\/p>\n\n\n\n<p>Moj\u0105 wdzi\u0119czno\u015b\u0107 kieruj\u0119 do wszystkich, kt\u00f3rzy w jakikolwiek spos\u00f3b i w jakimkolwiek stopniu w\u0142\u0105czyli si\u0119 w przygotowanie tego wydarzenia. Od najm\u0142odszych, przez m\u0142odzie\u017c, Panom, kt\u00f3rzy na ramionach nie\u015bli \u015bwi\u0119ty Obraz, ministrantom i lektorom, Paniom Katechetkom, Panom ko\u015bcielnemu i organi\u015bcie, Akcji Katolickiej zaanga\u017cowanej od strony organizacyjnej, Panu rejestruj\u0105cemu w obrazie i wersji filmowej, osobom rozprowadzaj\u0105cym dekoracje, wieszaj\u0105cym flagi, stroj\u0105cym kwiatami, przygotowaniem tronu, zadbaniem o czysto\u015b\u0107 ko\u015bcio\u0142a i terenu wok\u00f3\u0142, Ko\u0142om R\u00f3\u017ca\u0144cowym, Apostolatowi Margaretka, ofiarodawcom obrusu o\u0142tarzowego i \u015bwiec lichtarzowych, Paniom, kt\u00f3re podzieli\u0142y si\u0119 darami sto\u0142u, kt\u00f3re same przygotowa\u0142y oraz tym, kt\u00f3re pos\u0142ugiwa\u0142y na plebanii. Chc\u0119 wymieni\u0107 wszystkich i nikogo nie pomin\u0105\u0107. <strong>B\u00f3g Wam wielkie zap\u0142a\u0107!<\/strong> Tymi s\u0142owami chc\u0119 doceni\u0107 oraz podkre\u015bli\u0107 ka\u017cdy trud i obj\u0105\u0107 tym podzi\u0119kowaniem ca\u0142e dzie\u0142o, kt\u00f3re dopracowali\u015bcie w najdrobniejszym szczeg\u00f3le.&nbsp;<\/p>\n\n\n\n<p><strong>5.<\/strong> Puszka <em>\u201eCaritas\u201d<\/em> na bocznym o\u0142tarzu przypomina o ja\u0142mu\u017cnie wielkopostnej, natomiast przy krzy\u017cu mo\u017cna pomy\u015ble\u0107 o darze na kwiaty do Grobu Pa\u0144skiego.&nbsp;&nbsp;<\/p>\n\n\n\n<p><strong>6. <\/strong>Kancelaria parafialna otwarta w ustalone dni. <strong><em>W pilnych potrzebach prosz\u0119 dzwoni\u0107 na numer parafialny.<\/em><\/strong><\/p>\n\n\n\n<p><strong>7. <\/strong>Dzi\u0119kuj\u0119 sprz\u0105taj\u0105cym z bloku 36 z klatki IV za przygotowanie ko\u015bcio\u0142a na nowy tydzie\u0144 i tym, kt\u00f3rzy stale si\u0119 troszcz\u0105 o porz\u0105dek. W nast\u0119pny pi\u0105tek po mszy wieczornej oczekuj\u0119 pomocy mieszka\u0144c\u00f3w z bloku 36 z klatki V.&nbsp;&nbsp;<\/p>\n\n\n\n<p><strong>8.<\/strong> Zbi\u00f3rka ministrant\u00f3w i lektor\u00f3w jak zawsze w sobot\u0119 o 9.00.&nbsp;<\/p>\n\n\n\n<p><strong>9. <\/strong>Prasa katolicka: <em>Go\u015b\u0107 Niedzielny <\/em>i<em> Niedziela <\/em>dost\u0119pna dla czytelnik\u00f3w.<em> <\/em>Prosz\u0119 o zainteresowanie.<\/p>\n\n\n\n<p><strong>10. <\/strong>Istnieje mo\u017cliwo\u015b\u0107 skorzystania z toalety. Informacja przez zakrysti\u0119.<\/p>\n\n\n\n<p><strong>11.<\/strong> Zach\u0119camy do odwiedzania profilu na Facebooku. Wpisujemy nazw\u0119: <strong><em>Parafia \u015bw. Jadwigi Kr\u00f3lowej w D\u0105browie G\u00f3rniczej.<\/em><\/strong>&nbsp;&nbsp;<\/p>\n\n\n\n<p><strong>12. <\/strong>Jubilatom i Solenizantom \u017cycz\u0119 hojnych \u0142ask Bo\u017cych. Ca\u0142ej Rodzinie Parafialnej niech towarzyszy nadzieja pok\u0142adana w Bogu. <strong>Szcz\u0119\u015b\u0107 Bo\u017ce!<\/strong><strong>&nbsp;<\/strong><\/p>\n","protected":false},"excerpt":{"rendered":"<p>1. W tym tygodniu: A\/ dzisiaj &#8211; Niedziela \u201eLaetare\u201d (\u201eRadujcie si\u0119\u201d) &#8211; Ko\u015bci\u00f3\u0142 cieszy si\u0119 z obfito\u015bci d\u00f3br nadprzyrodzonych i \u0142ask p\u0142yn\u0105cych z Chrztu i Eucharystii. Tak\u017ce dzisiaj i w ka\u017cd\u0105 niedziel\u0119 Wielkiego Postu Gorzkie \u017bale z kazaniem pasyjnym o 17.30, nast\u0119pnie msza \u015bw. wieczorna bez kazania. Za udzia\u0142 w nabo\u017ce\u0144stwach wielkopostnych mo\u017cna uzyska\u0107 odpust &hellip; <\/p>\n<p class=\"link-more\"><a href=\"https:\/\/www.jadwiga.opw.pl\/?p=1829\" class=\"more-link\">Czytaj dalej<span class=\"screen-reader-text\"> \u201eIV NIEDZIELA WIELKIEGO POSTU (LAETARE) 15.03. &#8211; 22.03.2026 r.\u201d<\/span><\/a><\/p>\n","protected":false},"author":1,"featured_media":0,"comment_status":"closed","ping_status":"closed","sticky":false,"template":"","format":"standard","meta":{"footnotes":""},"categories":[1],"tags":[],"class_list":["post-1829","post","type-post","status-publish","format-standard","hentry","category-bez-kategorii"],"_links":{"self":[{"href":"https:\/\/www.jadwiga.opw.pl\/index.php?rest_route=\/wp\/v2\/posts\/1829","targetHints":{"allow":["GET"]}}],"collection":[{"href":"https:\/\/www.jadwiga.opw.pl\/index.php?rest_route=\/wp\/v2\/posts"}],"about":[{"href":"https:\/\/www.jadwiga.opw.pl\/index.php?rest_route=\/wp\/v2\/types\/post"}],"author":[{"embeddable":true,"href":"https:\/\/www.jadwiga.opw.pl\/index.php?rest_route=\/wp\/v2\/users\/1"}],"replies":[{"embeddable":true,"href":"https:\/\/www.jadwiga.opw.pl\/index.php?rest_route=%2Fwp%2Fv2%2Fcomments&post=1829"}],"version-history":[{"count":1,"href":"https:\/\/www.jadwiga.opw.pl\/index.php?rest_route=\/wp\/v2\/posts\/1829\/revisions"}],"predecessor-version":[{"id":1830,"href":"https:\/\/www.jadwiga.opw.pl\/index.php?rest_route=\/wp\/v2\/posts\/1829\/revisions\/1830"}],"wp:attachment":[{"href":"https:\/\/www.jadwiga.opw.pl\/index.php?rest_route=%2Fwp%2Fv2%2Fmedia&parent=1829"}],"wp:term":[{"taxonomy":"category","embeddable":true,"href":"https:\/\/www.jadwiga.opw.pl\/index.php?rest_route=%2Fwp%2Fv2%2Fcategories&post=1829"},{"taxonomy":"post_tag","embeddable":true,"href":"https:\/\/www.jadwiga.opw.pl\/index.php?rest_route=%2Fwp%2Fv2%2Ftags&post=1829"}],"curies":[{"name":"wp","href":"https:\/\/api.w.org\/{rel}","templated":true}]}}