{"id":1886,"date":"2026-04-26T12:59:22","date_gmt":"2026-04-26T10:59:22","guid":{"rendered":"https:\/\/www.jadwiga.opw.pl\/?p=1886"},"modified":"2026-04-26T12:59:22","modified_gmt":"2026-04-26T10:59:22","slug":"iv-niedziela-wielkanocna-26-04-03-05-2026-r","status":"publish","type":"post","link":"https:\/\/www.jadwiga.opw.pl\/?p=1886","title":{"rendered":"IV NIEDZIELA WIELKANOCNA (26.04. &#8211; 03.05.2026 r.)"},"content":{"rendered":"\n<p><strong>1.<\/strong> W tym tygodniu:<\/p>\n\n\n\n<p>A\/ <strong>dzisiaj<\/strong> \u2013 Niedziela Dobrego Pasterza i tydzie\u0144 modlitw o powo\u0142ania do stanu kap\u0142a\u0144skiego oraz zakonnego; po mszy \u015bwi\u0119tej o 18.00 zapraszam Akcj\u0119 Katolick\u0105 na spotkanie dotycz\u0105ce dzia\u0142a\u0144 synodalnych.<\/p>\n\n\n\n<p>B\/ <strong>w poniedzia\u0142ek <\/strong>\u2013 pr\u00f3ba dla dzieci komunijnych o godz. 16.00. <strong><em>Obecno\u015b\u0107 obowi\u0105zkowa.<\/em><\/strong><\/p>\n\n\n\n<p>C\/ <strong>w \u015brod\u0119 \u2013 <\/strong><em>\u015bw. Katarzyny Siene\u0144skiej, dziewicy i doktora Ko\u015bcio\u0142a, patronki Europy;<\/em><\/p>\n\n\n\n<p>D\/<strong> w czwartek <\/strong>o 17.30 \u015bpiewane Godzinki i Koronka do Mi\u0142osierdzia Bo\u017cego przed msz\u0105 wieczorn\u0105;<\/p>\n\n\n\n<p>E\/ <strong>w pi\u0105tek<\/strong> \u2013 rozpoczynamy codzienne nabo\u017ce\u0144stwo do Matki Bo\u017cej ze \u015bpiewem Litanii Loreta\u0144skiej o godz. 17.30. <strong>To<\/strong> <strong>pierwszy pi\u0105tek miesi\u0105ca &#8211; <\/strong>odwiedz\u0119 sta\u0142ych chorych naszej parafii \u2013 tym razem od godz. 12.00. Okazja do spowiedzi pierwszopi\u0105tkowej <strong><em>przed msz\u0105 rann\u0105<\/em><\/strong> i <strong><em>po po\u0142udniu <\/em><\/strong>od godz. 17.15<em> Przypominam m\u0142odzie\u017cy do bierzmowania o konieczno\u015bci spowiedzi w toku przygotowania.<\/em> Wystawienie Naj\u015bwi\u0119tszego Sakramentu o 17.00, Litania do Serca Jezusowego i Akt przeb\u0142agania.<\/p>\n\n\n\n<p>F\/<strong> w sobot\u0119 &#8211; <\/strong><strong><em>uroczysto\u015b\u0107 NMP Kr\u00f3lowej Polski &#8211; G\u0142\u00f3wnej Patronki Polski<\/em><\/strong>; <strong>msze \u015bw. z kazaniem o godz. 7.00, 9.00 i 18.00. To pierwsza sobota miesi\u0105ca \u2013 <\/strong>ju\u017c o 17.00 zmiana tajemnic i r\u00f3\u017caniec K\u00f3\u0142 R\u00f3\u017ca\u0144cowych, a o<strong> <\/strong>18.00 msza \u015bwi\u0119ta wynagradzaj\u0105ca Niepokalanemu Sercu Maryi;<\/p>\n\n\n\n<p>G\/ <strong>w przysz\u0142\u0105 niedziel\u0119<\/strong> \u2013 235. rocznica uchwalenia Konstytucji 3 Maja &#8211; pami\u0119tamy w modlitwach o Ojczy\u017anie oraz rodakach mieszkaj\u0105cych na obczy\u017anie;<\/p>\n\n\n\n<p><strong>2.<\/strong> B\u00f3g zap\u0142a\u0107 za trzy ofiary z\u0142o\u017cone osobi\u015bcie na potrzeby ko\u015bcio\u0142a oraz dwie sta\u0142e ofiary przekazywane co miesi\u0105c tytu\u0142em przelewu na konto parafialne.&nbsp;<\/p>\n\n\n\n<p><strong>3.<\/strong> Kancelaria czynna w wyznaczone dni. W sobot\u0119 nieczynna. <strong><em>W pilnych sprawach kontakt z urz\u0119dem przez numer do parafii.&nbsp;<\/em><\/strong><\/p>\n\n\n\n<p><strong>4. <\/strong>Prasa katolicka czyli: <em>Go\u015b\u0107 Niedzielny <\/em>i<em> Niedziela<\/em> dost\u0119pna jak co tydzie\u0144 na Soliku.<\/p>\n\n\n\n<p><strong>5.<\/strong> Dzi\u0119kuj\u0119 osobom przychodz\u0105cym do pomocy co tydzie\u0144, kt\u00f3rzy podj\u0119li si\u0119 doczyszczenia mebli w zakrystii. R\u00f3wnie\u017c Paniom z bloku 20 z kl. I za pi\u0105tkowe posprz\u0105tanie ko\u015bcio\u0142a. Za tydzie\u0144 o sta\u0142ej porze licz\u0119 na Parafian z bloku 20 z kl. II.<\/p>\n\n\n\n<p><strong>6.<\/strong> Dzi\u0119kuj\u0119 tym osobom, kt\u00f3re w czwartek pomog\u0142y przygotowa\u0107 zakrysti\u0119 do prac malarskich. Prosz\u0119 ch\u0119tnych w pi\u0105tek po mszy wieczornej o pomoc w uporz\u0105dkowaniu i doprowadzeniu zakrystii do u\u017cytkowania. Dzi\u0119kuj\u0119 naszym parafianom, Panu hydraulikowi za naprawienie usterki i Panu elektrykowi za sta\u0142e<strong> <\/strong>usprawnianie pewnych koniecznych rzeczy. Dzi\u0119kuj\u0119 r\u00f3wnie\u017c za trosk\u0119 florystyczn\u0105 w ko\u015bciele.<\/p>\n\n\n\n<p><strong>7.<\/strong> Biskup Sosnowiecki udzieli\u0142 dyspensy od obowi\u0105zku zachowania wstrzemi\u0119\u017aliwo\u015bci od pokarm\u00f3w mi\u0119snych oraz innych form pokuty w pi\u0105tek, 1 maja 2026 r., dla wiernych przebywaj\u0105cych na terenie Diecezji Sosnowieckiej. Korzystaj\u0105cych z dyspensy zach\u0119ca si\u0119 do podj\u0119cia w tym dniu dowolnej modlitwy w intencji powo\u0142a\u0144 kap\u0142a\u0144skich i zakonnych oraz do zast\u0105pienia wstrzemi\u0119\u017aliwo\u015bci innymi formami pokuty, zw\u0142aszcza uczynkami mi\u0142osierdzia.<\/p>\n\n\n\n<p><strong>8.<\/strong> \u017bycz\u0119 si\u0142y i zdrowia chorym. Jubilatom i Solenizantom niech B\u00f3g niesie dar pomocy. Wszystkim niech s\u0142u\u017cy b\u0142ogos\u0142awie\u0144stwo Bo\u017ce. <strong>Szcz\u0119\u015b\u0107 Bo\u017ce!<\/strong><\/p>\n","protected":false},"excerpt":{"rendered":"<p>1. W tym tygodniu: A\/ dzisiaj \u2013 Niedziela Dobrego Pasterza i tydzie\u0144 modlitw o powo\u0142ania do stanu kap\u0142a\u0144skiego oraz zakonnego; po mszy \u015bwi\u0119tej o 18.00 zapraszam Akcj\u0119 Katolick\u0105 na spotkanie dotycz\u0105ce dzia\u0142a\u0144 synodalnych. B\/ w poniedzia\u0142ek \u2013 pr\u00f3ba dla dzieci komunijnych o godz. 16.00. Obecno\u015b\u0107 obowi\u0105zkowa. C\/ w \u015brod\u0119 \u2013 \u015bw. Katarzyny Siene\u0144skiej, dziewicy i &hellip; <\/p>\n<p class=\"link-more\"><a href=\"https:\/\/www.jadwiga.opw.pl\/?p=1886\" class=\"more-link\">Czytaj dalej<span class=\"screen-reader-text\"> \u201eIV NIEDZIELA WIELKANOCNA (26.04. &#8211; 03.05.2026 r.)\u201d<\/span><\/a><\/p>\n","protected":false},"author":1,"featured_media":0,"comment_status":"closed","ping_status":"closed","sticky":false,"template":"","format":"standard","meta":{"footnotes":""},"categories":[1],"tags":[],"class_list":["post-1886","post","type-post","status-publish","format-standard","hentry","category-bez-kategorii"],"_links":{"self":[{"href":"https:\/\/www.jadwiga.opw.pl\/index.php?rest_route=\/wp\/v2\/posts\/1886","targetHints":{"allow":["GET"]}}],"collection":[{"href":"https:\/\/www.jadwiga.opw.pl\/index.php?rest_route=\/wp\/v2\/posts"}],"about":[{"href":"https:\/\/www.jadwiga.opw.pl\/index.php?rest_route=\/wp\/v2\/types\/post"}],"author":[{"embeddable":true,"href":"https:\/\/www.jadwiga.opw.pl\/index.php?rest_route=\/wp\/v2\/users\/1"}],"replies":[{"embeddable":true,"href":"https:\/\/www.jadwiga.opw.pl\/index.php?rest_route=%2Fwp%2Fv2%2Fcomments&post=1886"}],"version-history":[{"count":1,"href":"https:\/\/www.jadwiga.opw.pl\/index.php?rest_route=\/wp\/v2\/posts\/1886\/revisions"}],"predecessor-version":[{"id":1887,"href":"https:\/\/www.jadwiga.opw.pl\/index.php?rest_route=\/wp\/v2\/posts\/1886\/revisions\/1887"}],"wp:attachment":[{"href":"https:\/\/www.jadwiga.opw.pl\/index.php?rest_route=%2Fwp%2Fv2%2Fmedia&parent=1886"}],"wp:term":[{"taxonomy":"category","embeddable":true,"href":"https:\/\/www.jadwiga.opw.pl\/index.php?rest_route=%2Fwp%2Fv2%2Fcategories&post=1886"},{"taxonomy":"post_tag","embeddable":true,"href":"https:\/\/www.jadwiga.opw.pl\/index.php?rest_route=%2Fwp%2Fv2%2Ftags&post=1886"}],"curies":[{"name":"wp","href":"https:\/\/api.w.org\/{rel}","templated":true}]}}