{"id":1895,"date":"2026-05-03T08:39:39","date_gmt":"2026-05-03T06:39:39","guid":{"rendered":"https:\/\/www.jadwiga.opw.pl\/?p=1895"},"modified":"2026-05-03T08:39:39","modified_gmt":"2026-05-03T06:39:39","slug":"v-niedziela-wielkanocna-03-05-10-05-2026-r","status":"publish","type":"post","link":"https:\/\/www.jadwiga.opw.pl\/?p=1895","title":{"rendered":"V NIEDZIELA WIELKANOCNA (03.05. &#8211; 10.05.2026 r.)"},"content":{"rendered":"\n<p><strong>1.<\/strong> W tym tygodniu:<\/p>\n\n\n\n<p>A\/ <strong>dzisiaj<\/strong> \u2013 235. rocznica uchwalenia Konstytucji 3 Maja &#8211; pami\u0119tamy w modlitwach o Ojczy\u017anie oraz rodakach mieszkaj\u0105cych na obczy\u017anie;<\/p>\n\n\n\n<p>B\/ <strong>w poniedzia\u0142ek <\/strong>\u2013 <em>\u015bw. Floriana, m\u0119czennika, patrona stra\u017cak\u00f3w i hutnik\u00f3w;<\/em><\/p>\n\n\n\n<p>C\/ <strong>w \u015brod\u0119 \u2013 <\/strong><em>\u015bwi\u0119tych Aposto\u0142\u00f3w Filipa i Jakuba, \u015bwi\u0119to; <\/em>tak\u017ce<em> <\/em>tego dnia<em> <\/em>pr\u00f3ba dla dzieci komunijnych o godz. 16.00. Obecno\u015b\u0107 obowi\u0105zkowa.<\/p>\n\n\n\n<p>D\/ <strong>w pierwszy czwartek miesi\u0105ca \u2013 <\/strong><strong><em>wystawienie Naj\u015bwi\u0119tszego Sakramentu o 17.00.<\/em><\/strong><strong> <\/strong>Nie ma godzinek o Mi\u0142osierdziu Bo\u017cym, a Koronk\u0119 odm\u00f3wimy po mszy wieczornej;<\/p>\n\n\n\n<p>E\/<strong> w pi\u0105tek<\/strong> \u2013 <em>uroczysto\u015b\u0107 \u015bw. Stanis\u0142awa, biskupa i m\u0119czennika, g\u0142\u00f3wnego patrona Polski.<\/em> M\u00f3dlmy si\u0119 w intencji naszej Ojczyzny. W tym dniu nie obowi\u0105zuje wstrzemi\u0119\u017aliwo\u015b\u0107 od pokarm\u00f3w mi\u0119snych. Przypada w tym dniu 1. rocznica wyboru papie\u017ca Leona XIV na Stolic\u0119 Piotrow\u0105. Pro\u015bmy o \u015bwiat\u0142o Ducha \u015awi\u0119tego i potrzebne \u0142aski dla papie\u017ca w&nbsp; wiernym prowadzeniu Ko\u015bcio\u0142a zgodnie z wola Bo\u017c\u0105.<\/p>\n\n\n\n<p><strong>2.<\/strong> <strong><em>Przez&nbsp; ca\u0142y maj codzienne nabo\u017ce\u0144stwo do Matki Bo\u017cej ze \u015bpiewem Litanii Loreta\u0144skiej o godz. 17.30.<\/em><\/strong><\/p>\n\n\n\n<p><strong>3.<\/strong> Kancelaria otwarta wed\u0142ug tygodniowego harmonogramu. <strong><em>W pilnych sprawach prosz\u0119 o kontakt telefoniczny.&nbsp;<\/em><\/strong><\/p>\n\n\n\n<p><strong>4. <\/strong><em>Go\u015b\u0107 Niedzielny <\/em>i<em> Niedziela<\/em> dla czytelnik\u00f3w prasy katolickiej do nabycia przy stoliku.<\/p>\n\n\n\n<p><strong>5.<\/strong> Dzi\u0119kuj\u0119 cz\u0142onkom Akcji Katolickiej za spotkanie i wej\u015bcie do grupy synodalnej naszej parafii.<\/p>\n\n\n\n<p><strong>6.<\/strong> Od\u015bwie\u017cona zakrystia zyska\u0142a nowy kolor \u015bcian. Dzi\u0119kuj\u0119, \u017ce po malowaniu zakrystii mogli\u015bmy wnie\u015b\u0107 konieczne rzeczy przy udziale ch\u0119tnych os\u00f3b. Dzi\u0119kuj\u0119 pomagaj\u0105cym w pi\u0105tek posprz\u0105ta\u0107 ko\u015bci\u00f3\u0142. Za tydzie\u0144 o sta\u0142ej porze licz\u0119 na Parafian z bloku 22 z kl. I.&nbsp;<\/p>\n\n\n\n<p><strong>7. <\/strong>Jestem wdzi\u0119czny dw\u00f3m Panom kamieniarzom z parafii za ofiarowanie i zamontowanie granitowej p\u00f3\u0142ki pod relikwie \u015bw. Ojca Pio oraz prace przy zawieszeniu krzy\u017ca i obrazu na \u015bcianie w prezbiterium. Pani dbaj\u0105cej o kwiaty przy o\u0142tarzach, Ma\u0142\u017conkom &#8211; jubilatom za ofiar\u0119 na cele ko\u015bcielne, Paniom za prasowanie szat o\u0142tarzowych, wszystkim Wam m\u00f3wi\u0119 B\u00f3g zap\u0142a\u0107. To si\u0119 nazywa nieoceniona pomoc.<\/p>\n\n\n\n<p><strong>8. <\/strong>Bo\u017ce Cia\u0142o przypada w tym roku 04.06. Rozmieszczenie o\u0142tarzy pozostaje jak w roku ubieg\u0142ym:<\/p>\n\n\n\n<p><strong>I \u2013 przy ogrodzeniu boiska<\/strong> \u2013 ul. D\u0142uga i Le\u015bna; <strong>II \u2013 przy szkole<\/strong> \u2013 bloki 20, 22, 30; <strong>III \u2013 przy bloku 32<\/strong> \u2013 bloki: 34, 36 i \u017bywy R\u00f3\u017caniec, <strong>IV \u2013 przy \u201eEko-punkcie\u201d<\/strong> &#8211; m\u0142odzie\u017c ze mn\u0105 i blok 32.<\/p>\n\n\n\n<p><strong><em>Msza \u015bwi\u0119ta na rozpocz\u0119cie o godz. 9.00<\/em><\/strong> <strong><em>i wyj\u015bcie z procesj\u0105 eucharystyczn\u0105 do czterech o\u0142tarzy i msza na zako\u0144czenie o godz. 11.00. <\/em><\/strong>Poniewa\u017c porz\u0105dek tegorocznej uroczysto\u015bci b\u0119dzie przesuni\u0119ty na wcze\u015bniejsze godziny, dlatego zwracam si\u0119 z serdeczn\u0105 pro\u015bb\u0105 z miesi\u0119cznym wyprzedzeniem, gdy\u017c potrzebne b\u0119dzie wsparcie wi\u0119kszej liczby os\u00f3b. Nie by\u0142oby tak ca\u0142kiem w porz\u0105dku, by obowi\u0105zek budowy i troski o o\u0142tarze spad\u0142 tylko na tych, kt\u00f3rzy zawsze, od lat wzi\u0119li sobie za honor przygotowanie ich w og\u00f3le i na czas. W zakrystii jest lista z przydzia\u0142em o\u0142tarzy. Prosz\u0119 od dzisiaj, aby osoby ch\u0119tne zg\u0142osi\u0142y si\u0119 do pomocy z zapewnieniem, \u017ce b\u0119d\u0105 w tym czasie gotowe wesprze\u0107 innych. Chcemy mie\u0107 dopracowan\u0105 t\u0119 kwesti\u0119 organizacyjn\u0105. Ka\u017cdy mo\u017ce uruchomi\u0107 dobr\u0105 wol\u0119 wzi\u0119cia odpowiedzialno\u015bci za wsp\u00f3lne dzie\u0142o. Prosz\u0119 pomy\u015ble\u0107 nad w\u0142asnym zaanga\u017cowaniem si\u0119 przy organizacji i budowie o\u0142tarzy.<\/p>\n\n\n\n<p><strong>9.<\/strong> Dzi\u0119kuj\u0119 naszym chorym za mo\u017cliwo\u015b\u0107 odwiedzin w ich domach. Jubilatom i Solenizantom niech nasza Kr\u00f3lowa wyprasza potrzebne \u0142aski. \u017bycz\u0119 owocnej nauki, pracy i dobrego czasu odpoczynku. <strong>Szcz\u0119\u015b\u0107 Bo\u017ce!<\/strong><\/p>\n","protected":false},"excerpt":{"rendered":"<p>1. W tym tygodniu: A\/ dzisiaj \u2013 235. rocznica uchwalenia Konstytucji 3 Maja &#8211; pami\u0119tamy w modlitwach o Ojczy\u017anie oraz rodakach mieszkaj\u0105cych na obczy\u017anie; B\/ w poniedzia\u0142ek \u2013 \u015bw. Floriana, m\u0119czennika, patrona stra\u017cak\u00f3w i hutnik\u00f3w; C\/ w \u015brod\u0119 \u2013 \u015bwi\u0119tych Aposto\u0142\u00f3w Filipa i Jakuba, \u015bwi\u0119to; tak\u017ce tego dnia pr\u00f3ba dla dzieci komunijnych o godz. 16.00. &hellip; <\/p>\n<p class=\"link-more\"><a href=\"https:\/\/www.jadwiga.opw.pl\/?p=1895\" class=\"more-link\">Czytaj dalej<span class=\"screen-reader-text\"> \u201eV NIEDZIELA WIELKANOCNA (03.05. &#8211; 10.05.2026 r.)\u201d<\/span><\/a><\/p>\n","protected":false},"author":1,"featured_media":0,"comment_status":"closed","ping_status":"closed","sticky":false,"template":"","format":"standard","meta":{"footnotes":""},"categories":[1],"tags":[],"class_list":["post-1895","post","type-post","status-publish","format-standard","hentry","category-bez-kategorii"],"_links":{"self":[{"href":"https:\/\/www.jadwiga.opw.pl\/index.php?rest_route=\/wp\/v2\/posts\/1895","targetHints":{"allow":["GET"]}}],"collection":[{"href":"https:\/\/www.jadwiga.opw.pl\/index.php?rest_route=\/wp\/v2\/posts"}],"about":[{"href":"https:\/\/www.jadwiga.opw.pl\/index.php?rest_route=\/wp\/v2\/types\/post"}],"author":[{"embeddable":true,"href":"https:\/\/www.jadwiga.opw.pl\/index.php?rest_route=\/wp\/v2\/users\/1"}],"replies":[{"embeddable":true,"href":"https:\/\/www.jadwiga.opw.pl\/index.php?rest_route=%2Fwp%2Fv2%2Fcomments&post=1895"}],"version-history":[{"count":1,"href":"https:\/\/www.jadwiga.opw.pl\/index.php?rest_route=\/wp\/v2\/posts\/1895\/revisions"}],"predecessor-version":[{"id":1896,"href":"https:\/\/www.jadwiga.opw.pl\/index.php?rest_route=\/wp\/v2\/posts\/1895\/revisions\/1896"}],"wp:attachment":[{"href":"https:\/\/www.jadwiga.opw.pl\/index.php?rest_route=%2Fwp%2Fv2%2Fmedia&parent=1895"}],"wp:term":[{"taxonomy":"category","embeddable":true,"href":"https:\/\/www.jadwiga.opw.pl\/index.php?rest_route=%2Fwp%2Fv2%2Fcategories&post=1895"},{"taxonomy":"post_tag","embeddable":true,"href":"https:\/\/www.jadwiga.opw.pl\/index.php?rest_route=%2Fwp%2Fv2%2Ftags&post=1895"}],"curies":[{"name":"wp","href":"https:\/\/api.w.org\/{rel}","templated":true}]}}