{"id":2138,"date":"2026-09-06T08:29:25","date_gmt":"2026-09-06T06:29:25","guid":{"rendered":"https:\/\/www.jadwiga.opw.pl\/?p=2138"},"modified":"2026-09-06T08:29:25","modified_gmt":"2026-09-06T06:29:25","slug":"xxiii-niedziela-zwykla-06-09-13-09-2026r","status":"publish","type":"post","link":"https:\/\/www.jadwiga.opw.pl\/?p=2138","title":{"rendered":"XXIII NIEDZIELA ZWYK\u0141A (06.09. &#8211; 13.09.2026r.)"},"content":{"rendered":"\n<p class=\"wp-block-paragraph\"><strong>1.<\/strong> W tym tygodniu:<\/p>\n\n\n\n<p class=\"wp-block-paragraph\">A\/ <strong>dzisiaj w niedziel\u0119<\/strong> \u2013 na mszy \u015bw. o godz. 11.00, kt\u00f3ra niech b\u0119dzie eucharysti\u0105 z udzia\u0142em rodzin z dzie\u0107mi po\u015bwi\u0119cimy plecaki i przybory szkolne uczniom klas zerowych i pierwszych. Wypraszajmy dla nauczycieli i katechet\u00f3w natchnie\u0144 Ducha \u015awi\u0119tego i Bo\u017cej opieki na ca\u0142y rok nauki i wychowania m\u0142odego pokolenia.<\/p>\n\n\n\n<p class=\"wp-block-paragraph\">B\/ <strong>we wtorek<\/strong> \u2013 <em>Narodzenie Naj\u015bwi\u0119tszej Maryi Panny, \u015bwi\u0119to;<\/em> <em><\/em>wed\u0142ug zwyczaju po\u015bwi\u0119cimy przyniesione ziarno i nasiona;&nbsp;<\/p>\n\n\n\n<p class=\"wp-block-paragraph\">C\/ <strong>w czwartek<\/strong> \u2013 o 17.30 modlimy si\u0119 <strong><\/strong>\u015bpiewaj\u0105c Godzinki o Bo\u017cym Mi\u0142osierdziu, a nast\u0119pnie Koronk\u0105 do Mi\u0142osierdzia Bo\u017cego.&nbsp;<\/p>\n\n\n\n<p class=\"wp-block-paragraph\">D\/ <strong>w przysz\u0142\u0105 niedziel\u0119<\/strong> &#8211; <strong><em>po mszy \u015bw. o 11.00 &#8211; zapraszam na spotkanie informacyjno-organizacyjne Rodzic\u00f3w dzieci, kt\u00f3re rozpoczn\u0105 przygotowanie do Pierwszej Komunii \u015awi\u0119tej;<\/em><\/strong> tak\u017ce za tydzie\u0144 z racji 13 dnia miesi\u0105ca zapraszam na nabo\u017ce\u0144stwo fatimskie i procesj\u0119 r\u00f3\u017ca\u0144cow\u0105 z Figur\u0105 Maryi wok\u00f3\u0142 ko\u015bcio\u0142a o godz. 17.00 a nast\u0119pnie mszy \u015bwi\u0119ta o godz. 18.00&nbsp;<\/p>\n\n\n\n<p class=\"wp-block-paragraph\"><strong>2.<\/strong> <strong><\/strong>Msze \u015bwi\u0119te w tygodniu o 7.00 i 18.00. Mo\u017cliwo\u015b\u0107 korzystania ze spowiedzi.<\/p>\n\n\n\n<p class=\"wp-block-paragraph\"><strong>3.<\/strong> We wtorek na msz\u0119 \u015bwi\u0119t\u0105 o godz. 18.00 zapraszam kandydat\u00f3w do bierzmowania z obecnej klasy \u00f3smej w ramach spotkania przygotowawczego i gotowych do dwuletniego przygotowania z klas si\u00f3dmych.<\/p>\n\n\n\n<p class=\"wp-block-paragraph\"><strong>4.<\/strong> <strong>Kancelaria parafialna czynna:<\/strong> <em>w poniedzia\u0142ek, wtorek i czwartek od 16.30 \u2013 17.30. W \u015brod\u0119, pi\u0105tek i sobot\u0119 nieczynna!<\/em> (W razie potrzeby dost\u0119pny i aktywny telefon dy\u017curny:&nbsp; <strong>536&nbsp;335&nbsp;658).<\/strong><\/p>\n\n\n\n<p class=\"wp-block-paragraph\"><strong>5.<\/strong> Zapraszamy ch\u0119tnych ch\u0142opc\u00f3w i m\u0142odzie\u0144c\u00f3w, kt\u00f3rzy chcieliby do\u0142\u0105czy\u0107 do parafialnego grona ministrant\u00f3w (czyli Liturgicznej S\u0142u\u017cby O\u0142tarza).<\/p>\n\n\n\n<p class=\"wp-block-paragraph\"><strong>6.<\/strong> <strong>Mo\u017cna ju\u017c zamawia\u0107 msze \u015bwi\u0119te na przysz\u0142y rok 2027 w kancelarii i zakrystii,<\/strong> cho\u0107 s\u0105 jeszcze wolne terminy w kalendarzu intencji do ko\u0144ca tego roku.&nbsp;<\/p>\n\n\n\n<p class=\"wp-block-paragraph\"><strong>7.<\/strong> Prace przy odnowieniu drzwi wej\u015bciowych do naszej \u015bwi\u0105tyni zosta\u0142y ju\u017c w pe\u0142ni uko\u0144czone. Nale\u017cno\u015b\u0107 uregulowana. Dzi\u0119kuj\u0119 za wsparcie kolejnym indywidualnym osobom i ma\u0142\u017ce\u0144stwom, kt\u00f3rzy sk\u0142adaj\u0105c ofiar\u0119 kopertow\u0105 zmniejszyli wydatek zap\u0142aty, kt\u00f3ry pokry\u0142em z kilku tac niedzielnych. <strong>B\u00f3g zap\u0142a\u0107!&nbsp;<\/strong><\/p>\n\n\n\n<p class=\"wp-block-paragraph\"><strong>8.<\/strong> Dzi\u0119kuj\u0119 naszym parafianom, kt\u00f3rzy pomagaj\u0105 co tydzie\u0144 w pi\u0105tkowym sprz\u0105taniu ko\u015bcio\u0142a, jak r\u00f3wnie\u017c pani za prac\u0119 przy kompozycjach kwiatowych i <em>ofiary na kwiaty<\/em> z ubieg\u0142ej niedzieli. W najbli\u017cszy pi\u0105tek poprosz\u0119 mieszka\u0144c\u00f3w z bloku 36 z klatki V o zainteresowanie w tym temacie.<\/p>\n\n\n\n<p class=\"wp-block-paragraph\"><strong>9.<\/strong> <strong><\/strong>Jak co tydzie\u0144 do nabycia tygodnik katolicki <em>Niedziela<\/em> w cenie 12 z\u0142.<\/p>\n\n\n\n<p class=\"wp-block-paragraph\"><strong>10.<\/strong> Decyzj\u0105 ks. biskupa ordynariusza Artura Wa\u017cnego zosta\u0142 skierowany do naszej parafii ks. Mariusz Kafel, kt\u00f3ry podejmie obowi\u0105zki wikariusza. \u017byczymy mu owocnej pracy w duszpasterstwie.<\/p>\n\n\n\n<p class=\"wp-block-paragraph\"><strong>11.<\/strong> Niech p\u0142yn\u0105 z o\u0142tarza obfite Bo\u017ce dary dla Jubilat\u00f3w i Solenizant\u00f3w tego tygodnia. Dzi\u0119kuj\u0119 chorym za serdeczne odwiedziny i wsparcie. Niech Maryja, uczennica M\u0105dro\u015bci Zbawiciela b\u0119dzie blisko dzieci i m\u0142odzie\u017cy na czas ich nauki. <strong>Szcz\u0119\u015b\u0107 Bo\u017ce!<\/strong><\/p>\n","protected":false},"excerpt":{"rendered":"<p>1. W tym tygodniu: A\/ dzisiaj w niedziel\u0119 \u2013 na mszy \u015bw. o godz. 11.00, kt\u00f3ra niech b\u0119dzie eucharysti\u0105 z udzia\u0142em rodzin z dzie\u0107mi po\u015bwi\u0119cimy plecaki i przybory szkolne uczniom klas zerowych i pierwszych. Wypraszajmy dla nauczycieli i katechet\u00f3w natchnie\u0144 Ducha \u015awi\u0119tego i Bo\u017cej opieki na ca\u0142y rok nauki i wychowania m\u0142odego pokolenia. B\/ we [&hellip;]<\/p>\n","protected":false},"author":3,"featured_media":0,"comment_status":"closed","ping_status":"closed","sticky":false,"template":"","format":"standard","meta":{"pgc_sgb_lightbox_settings":"","footnotes":""},"categories":[1],"tags":[],"class_list":["post-2138","post","type-post","status-publish","format-standard","hentry","category-bez-kategorii"],"blocksy_meta":[],"_links":{"self":[{"href":"https:\/\/www.jadwiga.opw.pl\/index.php?rest_route=\/wp\/v2\/posts\/2138","targetHints":{"allow":["GET"]}}],"collection":[{"href":"https:\/\/www.jadwiga.opw.pl\/index.php?rest_route=\/wp\/v2\/posts"}],"about":[{"href":"https:\/\/www.jadwiga.opw.pl\/index.php?rest_route=\/wp\/v2\/types\/post"}],"author":[{"embeddable":true,"href":"https:\/\/www.jadwiga.opw.pl\/index.php?rest_route=\/wp\/v2\/users\/3"}],"replies":[{"embeddable":true,"href":"https:\/\/www.jadwiga.opw.pl\/index.php?rest_route=%2Fwp%2Fv2%2Fcomments&post=2138"}],"version-history":[{"count":1,"href":"https:\/\/www.jadwiga.opw.pl\/index.php?rest_route=\/wp\/v2\/posts\/2138\/revisions"}],"predecessor-version":[{"id":2139,"href":"https:\/\/www.jadwiga.opw.pl\/index.php?rest_route=\/wp\/v2\/posts\/2138\/revisions\/2139"}],"wp:attachment":[{"href":"https:\/\/www.jadwiga.opw.pl\/index.php?rest_route=%2Fwp%2Fv2%2Fmedia&parent=2138"}],"wp:term":[{"taxonomy":"category","embeddable":true,"href":"https:\/\/www.jadwiga.opw.pl\/index.php?rest_route=%2Fwp%2Fv2%2Fcategories&post=2138"},{"taxonomy":"post_tag","embeddable":true,"href":"https:\/\/www.jadwiga.opw.pl\/index.php?rest_route=%2Fwp%2Fv2%2Ftags&post=2138"}],"curies":[{"name":"wp","href":"https:\/\/api.w.org\/{rel}","templated":true}]}}